{"id":826,"date":"2023-06-21T22:11:55","date_gmt":"2023-06-21T21:11:55","guid":{"rendered":"https:\/\/www.akm-koblenz.de\/?p=826"},"modified":"2023-08-25T17:21:50","modified_gmt":"2023-08-25T16:21:50","slug":"drausen-kommt-uns-anders-vor","status":"publish","type":"post","link":"https:\/\/www.akm-koblenz.de\/index.php\/2023\/06\/21\/drausen-kommt-uns-anders-vor\/","title":{"rendered":"DRAU\u00dfEN KOMMT UNS ANDERS VOR"},"content":{"rendered":"\n<div class=\"wp-block-image\"><figure class=\"alignleft size-full is-resized\"><a href=\"\/index.php\/2023\/06\/21\/drausen-kommt-uns-anders-vor-poster\/\"><img loading=\"lazy\" decoding=\"async\" src=\"https:\/\/www.akm-koblenz.de\/wp-content\/uploads\/2023\/06\/AKM-Draussen-kommt-uns-anders-vor-DIN-A3-230609-RZ.svg\" alt=\"\" class=\"wp-image-827\" width=\"150\" height=\"288\"\/><\/a><\/figure><\/div>\n\n\n\n<p>ZEICHNUNG, OBJEKT, MALEREI, drei Positionen zur Natur<\/p>\n\n\n\n<p>09.07. &#8211; 13.08.2023 \/ Vernissage 08.06.2023, 16 Uhr<br>K\u00fcnstlergespr\u00e4ch mit Uli Westerfr\u00f6ke<br>Die K\u00fcnstlerinnen sind anwesend.<\/p>\n\n\n\n<p>Petra Jung (Saarbr\u00fccken) Silvia Rudolf (Kaiserslautern)<br>Irmgard Weber (Pirmasens)<\/p>\n\n\n\n<p>Natur in ihrer F\u00fclle und Verg\u00e4nglichkeit ist Thema der Ausstellung, zu der Irmgard Weber, K\u00fcnstlerin der AKM, zwei Kolleginnen aus der Pfalz und dem Saarland eingeladen hat.<\/p>\n\n\n\n<p>Malerei, Zeichnung und Objekte, in teils gro\u00dfformatigem Gestus, abstrakt strukturiert, poetisch und sensibel. Aus erinnerter Landschaftserfahrung, oder gefundenem Naturmaterial geschaffen, finden sich die drei Positionen in den gro\u00dfz\u00fcgigen R\u00e4umen des Metternichhauses als harmonisches Zusammenspiel wieder.<\/p>\n\n\n\n<p>Die Objekte von Petra Jung thematisieren die Ambivalenz der Natur zwischen Geborgenheit und Gefangensein, Entstehung und Verg\u00e4nglichkeit.<\/p>\n\n\n\n<p>Silvia Rudolf zeigt Zeichnungen\/Objekte, die den Zustand des Vergehens festhalten und grafisch transformieren. Die Natur ist in der Malerei von Irmgard Weber die erste Quelle der Inspiration: ihre \u00dcppigkeit, ihre Sch\u00f6nheit und ganz besonders ihre Verletzlichkeit und Gef\u00e4hrdung.<\/p>\n","protected":false},"excerpt":{"rendered":"<p>ZEICHNUNG, OBJEKT, MALEREI, drei Positionen zur Natur 09.07. &#8211; 13.08.2023 \/ Vernissage 08.06.2023, 16 UhrK\u00fcnstlergespr\u00e4ch mit Uli Westerfr\u00f6keDie K\u00fcnstlerinnen sind anwesend. Petra Jung (Saarbr\u00fccken) Silvia Rudolf (Kaiserslautern)Irmgard Weber (Pirmasens) Natur in ihrer F\u00fclle und Verg\u00e4nglichkeit ist Thema der Ausstellung, zu der Irmgard Weber, K\u00fcnstlerin der AKM, zwei Kolleginnen aus der Pfalz und dem Saarland eingeladen &hellip; <\/p>\n<p class=\"link-more\"><a href=\"https:\/\/www.akm-koblenz.de\/index.php\/2023\/06\/21\/drausen-kommt-uns-anders-vor\/\" class=\"more-link\">Continue reading<span class=\"screen-reader-text\"> &#8220;DRAU\u00dfEN KOMMT UNS ANDERS VOR&#8221;<\/span><\/a><\/p>\n","protected":false},"author":1,"featured_media":0,"comment_status":"closed","ping_status":"open","sticky":false,"template":"","format":"standard","meta":{"footnotes":""},"categories":[11],"tags":[],"class_list":["post-826","post","type-post","status-publish","format-standard","hentry","category-archiv"],"_links":{"self":[{"href":"https:\/\/www.akm-koblenz.de\/index.php\/wp-json\/wp\/v2\/posts\/826","targetHints":{"allow":["GET"]}}],"collection":[{"href":"https:\/\/www.akm-koblenz.de\/index.php\/wp-json\/wp\/v2\/posts"}],"about":[{"href":"https:\/\/www.akm-koblenz.de\/index.php\/wp-json\/wp\/v2\/types\/post"}],"author":[{"embeddable":true,"href":"https:\/\/www.akm-koblenz.de\/index.php\/wp-json\/wp\/v2\/users\/1"}],"replies":[{"embeddable":true,"href":"https:\/\/www.akm-koblenz.de\/index.php\/wp-json\/wp\/v2\/comments?post=826"}],"version-history":[{"count":5,"href":"https:\/\/www.akm-koblenz.de\/index.php\/wp-json\/wp\/v2\/posts\/826\/revisions"}],"predecessor-version":[{"id":860,"href":"https:\/\/www.akm-koblenz.de\/index.php\/wp-json\/wp\/v2\/posts\/826\/revisions\/860"}],"wp:attachment":[{"href":"https:\/\/www.akm-koblenz.de\/index.php\/wp-json\/wp\/v2\/media?parent=826"}],"wp:term":[{"taxonomy":"category","embeddable":true,"href":"https:\/\/www.akm-koblenz.de\/index.php\/wp-json\/wp\/v2\/categories?post=826"},{"taxonomy":"post_tag","embeddable":true,"href":"https:\/\/www.akm-koblenz.de\/index.php\/wp-json\/wp\/v2\/tags?post=826"}],"curies":[{"name":"wp","href":"https:\/\/api.w.org\/{rel}","templated":true}]}}