{"id":1424,"date":"2026-02-01T12:21:07","date_gmt":"2026-02-01T11:21:07","guid":{"rendered":"https:\/\/www.akm-koblenz.de\/?p=1424"},"modified":"2026-04-21T19:36:47","modified_gmt":"2026-04-21T18:36:47","slug":"wunder-weiss-wie","status":"publish","type":"post","link":"https:\/\/www.akm-koblenz.de\/index.php\/2026\/02\/01\/wunder-weiss-wie\/","title":{"rendered":"WUNDER WEISS WIE"},"content":{"rendered":"\n<div class=\"wp-block-columns is-layout-flex wp-container-core-columns-is-layout-1 wp-block-columns-is-layout-flex\">\n<div class=\"wp-block-column is-layout-flow wp-block-column-is-layout-flow\" style=\"flex-basis:65%\">\n<p><mark style=\"background-color:rgba(0, 0, 0, 0);color:#7f975d\" class=\"has-inline-color\">Vier neue Mitglieder der AKM<\/mark><br>K\u00fcnstlerhaus Metternich | M\u00fcnzplatz 8 | Koblenz<br>21.03. &#8211; 19.04.2026<\/p>\n\n\n\n<figure class=\"wp-block-table\"><table style=\"border: none;\"><tbody><tr style=\"border: none;\"><td><strong><mark style=\"background-color:rgba(0, 0, 0, 0);color:#7f975d\" class=\"has-inline-color\">Vernissage<\/mark><\/strong><\/td><td><strong>Sa, 21. M\u00e4rz 2026 | 16:00 Uhr<\/strong><\/td><\/tr><tr style=\"border: none;\"><td><mark style=\"background-color:rgba(0, 0, 0, 0);color:#7f975d\" class=\"has-inline-color\">Gru\u00dfwort<\/mark><\/td><td><strong><mark style=\"background-color:rgba(0, 0, 0, 0);color:#7f975d\" class=\"has-inline-color\">Violetta Richard<\/mark><\/strong> | AKM<\/td><\/tr><tr style=\"border: none;\"><td><mark style=\"background-color:rgba(0, 0, 0, 0);color:#7f975d\" class=\"has-inline-color\">Einf\u00fchrung<\/mark><\/td><td><strong><mark style=\"background-color:rgba(0, 0, 0, 0);color:#7f975d\" class=\"has-inline-color\">Eva Weing\u00e4rtner<\/mark><\/strong> | K\u00fcnstlerin<\/td><\/tr><tr style=\"border: none;\"><td><\/td><td><\/td><\/tr><tr style=\"border: none;\"><td><strong><mark style=\"background-color:rgba(0, 0, 0, 0);color:#7f975d\" class=\"has-inline-color\">Finissage<\/mark><\/strong><\/td><td><strong>So, 19. April 2026 | 16:00 Uhr<\/strong><\/td><\/tr><\/tbody><\/table><\/figure>\n\n\n\n<p>WUNDER WEISS WIE widmet sich den wissensformen, die in Materialien, K\u00f6rpern und Prozessen verborgen liegen.<\/p>\n\n\n\n<p>Manchmal tragen Gebilde ein Geheimnis in sich &#8211; einen Raum zwischen<\/p>\n\n\n\n<p class=\"has-text-align-center\">Licht und Leere,<br>Ruf und Stille,<br>Mensch und Natur.<\/p>\n\n\n\n<p>Es werden k\u00fcnstlerische Arbeiten gesammelt, die das Fragile und Wandlungsf\u00e4hige sichtbar machen.<\/p>\n\n\n\n<p>Solit\u00e4r und zugleich vielschichtig verweben sich und <mark style=\"background-color:rgba(0, 0, 0, 0);color:#7f975d\" class=\"has-inline-color\">WUNDER WEISS WIE<\/mark> die Positionen der vier K\u00fcnstlerinnen der AKM zu einer gemeinsamen Ausstellung.<\/p>\n\n\n\n<p><mark style=\"background-color:rgba(0, 0, 0, 0);color:#7f975d\" class=\"has-inline-color\"><strong>K\u00fcnstlerinnen<\/strong><\/mark><br><strong>BERIT J\u00c4GER | MASAMI HIROHATA | NINA MIDI | STEFANIE SCHMEINK<br><\/strong><\/p>\n<\/div>\n\n\n\n<div class=\"wp-block-column is-layout-flow wp-block-column-is-layout-flow\" style=\"flex-basis:35%\">\n<figure class=\"wp-block-image size-full\"><a href=\"\/index.php\/2026\/03\/09\/wunder-weiss-wie-poster\/\"><img loading=\"lazy\" decoding=\"async\" width=\"1200\" height=\"1697\" src=\"https:\/\/www.akm-koblenz.de\/wp-content\/uploads\/2026\/03\/AKM-WWW-2026-DIN-A2-260206.png\" alt=\"\" class=\"wp-image-1421\"\/><\/a><\/figure>\n<\/div>\n<\/div>\n","protected":false},"excerpt":{"rendered":"<p>Vier neue Mitglieder der AKMK\u00fcnstlerhaus Metternich | M\u00fcnzplatz 8 | Koblenz21.03. &#8211; 19.04.2026 Vernissage Sa, 21. M\u00e4rz 2026 | 16:00 Uhr Gru\u00dfwort Violetta Richard | AKM Einf\u00fchrung Eva Weing\u00e4rtner | K\u00fcnstlerin Finissage So, 19. April 2026 | 16:00 Uhr WUNDER WEISS WIE widmet sich den wissensformen, die in Materialien, K\u00f6rpern und Prozessen verborgen liegen. Manchmal &hellip; <\/p>\n<p class=\"link-more\"><a href=\"https:\/\/www.akm-koblenz.de\/index.php\/2026\/02\/01\/wunder-weiss-wie\/\" class=\"more-link\">Continue reading<span class=\"screen-reader-text\"> &#8220;WUNDER WEISS WIE&#8221;<\/span><\/a><\/p>\n","protected":false},"author":1,"featured_media":0,"comment_status":"closed","ping_status":"open","sticky":false,"template":"","format":"standard","meta":{"footnotes":""},"categories":[11],"tags":[],"class_list":["post-1424","post","type-post","status-publish","format-standard","hentry","category-archiv"],"_links":{"self":[{"href":"https:\/\/www.akm-koblenz.de\/index.php\/wp-json\/wp\/v2\/posts\/1424","targetHints":{"allow":["GET"]}}],"collection":[{"href":"https:\/\/www.akm-koblenz.de\/index.php\/wp-json\/wp\/v2\/posts"}],"about":[{"href":"https:\/\/www.akm-koblenz.de\/index.php\/wp-json\/wp\/v2\/types\/post"}],"author":[{"embeddable":true,"href":"https:\/\/www.akm-koblenz.de\/index.php\/wp-json\/wp\/v2\/users\/1"}],"replies":[{"embeddable":true,"href":"https:\/\/www.akm-koblenz.de\/index.php\/wp-json\/wp\/v2\/comments?post=1424"}],"version-history":[{"count":8,"href":"https:\/\/www.akm-koblenz.de\/index.php\/wp-json\/wp\/v2\/posts\/1424\/revisions"}],"predecessor-version":[{"id":1432,"href":"https:\/\/www.akm-koblenz.de\/index.php\/wp-json\/wp\/v2\/posts\/1424\/revisions\/1432"}],"wp:attachment":[{"href":"https:\/\/www.akm-koblenz.de\/index.php\/wp-json\/wp\/v2\/media?parent=1424"}],"wp:term":[{"taxonomy":"category","embeddable":true,"href":"https:\/\/www.akm-koblenz.de\/index.php\/wp-json\/wp\/v2\/categories?post=1424"},{"taxonomy":"post_tag","embeddable":true,"href":"https:\/\/www.akm-koblenz.de\/index.php\/wp-json\/wp\/v2\/tags?post=1424"}],"curies":[{"name":"wp","href":"https:\/\/api.w.org\/{rel}","templated":true}]}}