{"id":1290,"date":"2025-09-02T23:10:27","date_gmt":"2025-09-02T22:10:27","guid":{"rendered":"https:\/\/www.akm-koblenz.de\/?p=1290"},"modified":"2025-10-14T23:00:33","modified_gmt":"2025-10-14T22:00:33","slug":"ulli-bohmelmann","status":"publish","type":"post","link":"https:\/\/www.akm-koblenz.de\/index.php\/2025\/09\/02\/ulli-bohmelmann\/","title":{"rendered":"ULLI B\u00d6HMELMANN"},"content":{"rendered":"\n<h2 class=\"wp-block-heading has-luminous-vivid-orange-color has-text-color has-link-color wp-elements-0193b97a960694acd32c8a0e27dc7143\">FIRMAMENT | 14.09. &#8211; 12.10.2025 <\/h2>\n\n\n\n<p>Sonderausstellung in der Festungskirche Ehrenbreitstein | Koblenz<br>\u00d6ffnungszeiten: T\u00e4glich 11:00 &#8211; 17:00 Uhr<\/p>\n\n\n\n<div class=\"wp-block-columns is-layout-flex wp-container-core-columns-is-layout-1 wp-block-columns-is-layout-flex\">\n<div class=\"wp-block-column is-layout-flow wp-block-column-is-layout-flow\" style=\"flex-basis:30%\">\n<figure class=\"wp-block-image size-full is-resized\"><a href=\"\/index.php\/2025\/09\/09\/firmament-poster\/\"><img loading=\"lazy\" decoding=\"async\" width=\"1052\" height=\"1488\" src=\"https:\/\/www.akm-koblenz.de\/wp-content\/uploads\/2025\/09\/DIN-A3-AKM-Festungskirche-Plakat-240820_RZ.png\" alt=\"\" class=\"wp-image-1287\" style=\"width:300px\"\/><\/a><\/figure>\n<\/div>\n\n\n\n<div class=\"wp-block-column is-layout-flow wp-block-column-is-layout-flow\">\n<p>In Kooperation mit der Arbeitsgemeinschaft bildender K\u00fcnstler am Mittelrhein e. V. Koblenz, AKM pr\u00e4sentieren die Generaldirektion Kulturelles Erbe, GDKE sowie die \u201e\u00d6kumene in der Festungskirche\u201c einmal im Jahr eine installative Arbeit in der Kirche auf der Festung Koblenz-Ehrenbreitstein. 2025 ist Ulli B\u00f6hmelmann eingeladen, diesen Raum zu bespielen.<\/p>\n\n\n\n<p>Ulli B\u00f6hmelmanns Objekte und Installationen entstehen in<br>Wechselwirkung mit vorhandenen R\u00e4umen. Dabei bezieht<br>die K\u00fcnstlerin die konkrete Geschichte des Ortes und Besonderheiten der Architektur in ihre Installationen ein oder nimmt bisher nicht wahrgenommene Zwischenr\u00e4ume in den Fokus. Ulli B\u00f6hmelmann [* 1970 in Mainz] verwendet f\u00fcr ihre Installationen leichte, transparente Materialien, die geh\u00e4ngt oder verspannt eine neue Einteilung des Raumes bewirken. Die Festungsanlage mit ihren immensen Mauern steht in diametralem Gegensatz zum Schaffen der K\u00fcnstlerin. F\u00fcr den Luftraum der Festungskirche entwickelt Ulli B\u00f6hmelmann eine Installation, welche die vielf\u00e4ltigen Rundb\u00f6gen des Bauwerks aufgreift und variiert.<\/p>\n<\/div>\n<\/div>\n\n\n\n<p>Ihre k\u00fcnstlerische Ausbildung begann in Mainz mit einer Lehre als Baukeramikerin und wurde mit einem Studium der Bildenden Kunst an der HfK Bremen fortgesetzt, das sich auf skulpturale Keramik \/ Porzellan und ortsspezifische Installationen konzentrierte. Die K\u00fcnstlerin lebt und arbeitet in K\u00f6ln. Gef\u00f6rdert vom Verein Ausstellungshaus f\u00fcr christliche Kunst e. V. M\u00fcnchen sowie von der Stiftung Rheinland-Pfalz f\u00fcr Kultur.<\/p>\n\n\n\n<p>Weitere Infos zur K\u00fcnstlerin: <a href=\"http:\/\/www.ulliboehmelmann.de\">www.ulliboehmelmann.de<\/a><\/p>\n\n\n\n<p class=\"has-luminous-vivid-orange-color has-text-color has-link-color wp-elements-40f1b39d206910f3d7c675d93531d0e7\">VERNISSAGE UND \u00d6KUMENISCHER GOTTESDIENST<\/p>\n\n\n\n<p>So. 14.09.2025 | 11:00 Uhr<br>Gottesdienst mit<br>Gabriele W\u00f6lk | Pfarrerin<br>Thomas Darscheid | Dekan<br>Niko Maler | Fagott<\/p>\n\n\n\n<p class=\"has-luminous-vivid-orange-color has-text-color has-link-color wp-elements-6a2d76604a792ccfb38d69074b28bf6c\">FINISSAGE UND K\u00dcNSTLERINGESPR\u00c4CH, PR\u00c4SENTATION DER DOKUMENTATION<\/p>\n\n\n\n<p>So. 12.10.2025 | 16:30 Uhr<br>Michaela Stepanjan | Querfl\u00f6te<\/p>\n\n\n\n<p>Eintrittspflichtige \u00d6ffnungszeiten der Festung 10:00 \u2013 18:00 Uhr.<br>Der Eintritt zu Vernissage \/ Gottesdienst und Finissage ist frei.<\/p>\n","protected":false},"excerpt":{"rendered":"<p>FIRMAMENT | 14.09. &#8211; 12.10.2025 Sonderausstellung in der Festungskirche Ehrenbreitstein | Koblenz\u00d6ffnungszeiten: T\u00e4glich 11:00 &#8211; 17:00 Uhr In Kooperation mit der Arbeitsgemeinschaft bildender K\u00fcnstler am Mittelrhein e. V. Koblenz, AKM pr\u00e4sentieren die Generaldirektion Kulturelles Erbe, GDKE sowie die \u201e\u00d6kumene in der Festungskirche\u201c einmal im Jahr eine installative Arbeit in der Kirche auf der Festung Koblenz-Ehrenbreitstein. &hellip; <\/p>\n<p class=\"link-more\"><a href=\"https:\/\/www.akm-koblenz.de\/index.php\/2025\/09\/02\/ulli-bohmelmann\/\" class=\"more-link\">Continue reading<span class=\"screen-reader-text\"> &#8220;ULLI B\u00d6HMELMANN&#8221;<\/span><\/a><\/p>\n","protected":false},"author":1,"featured_media":0,"comment_status":"closed","ping_status":"open","sticky":false,"template":"","format":"standard","meta":{"footnotes":""},"categories":[11],"tags":[],"class_list":["post-1290","post","type-post","status-publish","format-standard","hentry","category-archiv"],"_links":{"self":[{"href":"https:\/\/www.akm-koblenz.de\/index.php\/wp-json\/wp\/v2\/posts\/1290","targetHints":{"allow":["GET"]}}],"collection":[{"href":"https:\/\/www.akm-koblenz.de\/index.php\/wp-json\/wp\/v2\/posts"}],"about":[{"href":"https:\/\/www.akm-koblenz.de\/index.php\/wp-json\/wp\/v2\/types\/post"}],"author":[{"embeddable":true,"href":"https:\/\/www.akm-koblenz.de\/index.php\/wp-json\/wp\/v2\/users\/1"}],"replies":[{"embeddable":true,"href":"https:\/\/www.akm-koblenz.de\/index.php\/wp-json\/wp\/v2\/comments?post=1290"}],"version-history":[{"count":6,"href":"https:\/\/www.akm-koblenz.de\/index.php\/wp-json\/wp\/v2\/posts\/1290\/revisions"}],"predecessor-version":[{"id":1296,"href":"https:\/\/www.akm-koblenz.de\/index.php\/wp-json\/wp\/v2\/posts\/1290\/revisions\/1296"}],"wp:attachment":[{"href":"https:\/\/www.akm-koblenz.de\/index.php\/wp-json\/wp\/v2\/media?parent=1290"}],"wp:term":[{"taxonomy":"category","embeddable":true,"href":"https:\/\/www.akm-koblenz.de\/index.php\/wp-json\/wp\/v2\/categories?post=1290"},{"taxonomy":"post_tag","embeddable":true,"href":"https:\/\/www.akm-koblenz.de\/index.php\/wp-json\/wp\/v2\/tags?post=1290"}],"curies":[{"name":"wp","href":"https:\/\/api.w.org\/{rel}","templated":true}]}}