{"id":1207,"date":"2025-04-02T18:24:17","date_gmt":"2025-04-02T17:24:17","guid":{"rendered":"https:\/\/www.akm-koblenz.de\/?p=1207"},"modified":"2025-06-19T22:56:56","modified_gmt":"2025-06-19T21:56:56","slug":"pur","status":"publish","type":"post","link":"https:\/\/www.akm-koblenz.de\/index.php\/2025\/04\/02\/pur\/","title":{"rendered":"PUR"},"content":{"rendered":"\n<p>Poesie | Utopie | Realit\u00e4t<\/p>\n\n\n<div class=\"wp-block-image\">\n<figure class=\"alignleft size-full is-resized\"><a href=\"\/index.php\/2025\/04\/02\/pur-poster\/\"><img loading=\"lazy\" decoding=\"async\" width=\"1200\" height=\"1687\" src=\"https:\/\/www.akm-koblenz.de\/wp-content\/uploads\/2025\/04\/PUR_Poster.png\" alt=\"\" class=\"wp-image-1205\" style=\"width:auto;height:300px\"\/><\/a><\/figure><\/div>\n\n\n<p>VERNISSAGE 5. April 2025 | 16 Uhr<\/p>\n\n\n\n<p>FINISSAGE 4. Mai 2025 | 16 Uhr<br>Im Gespr\u00e4ch mit den K\u00fcnstlerInnen<\/p>\n\n\n\n<p>Im Januar 2024 begann eine Gruppe von acht K\u00fcnstlerInnen einen gemeinsamen Weg, um Kunst als kollektiven Prozess zu ergr\u00fcnden. In einem Jahr intensiver Zusammenarbeit und Spurensuche entstanden Arbeiten, die lyrisch und visuell Poesie, Utopie und Realit\u00e4t miteinander verweben.<\/p>\n\n\n\n<p>Die Ausstellung im K\u00fcnstlerhaus Metternich zeigt Werke, die nicht nur Ergebnisse eines k\u00fcnstlerischen Dialogs sind, sondern auch einen M\u00f6glichkeitsraum er\u00f6ffnen \u2013 einen Raum f\u00fcr Resonanz, Begegnung und Perspektivwechsel.<\/p>\n\n\n\n<p>Die Arbeitsgemeinschaft versteht ihr Tun als Geste, die Poesie entfaltet und Utopie erfahrbar macht.<\/p>\n\n\n\n<p>Am 16. April 2025 laden wir um 19 Uhr zum SALON sprache | kann | unbegrenzt<\/p>\n\n\n\n<p>Ein poetischer Abend zum Mitmachen und Zuh\u00f6ren. Wir begegnen uns vorlesend, rezitierend und diskutierend. Bringt Euch ein mit Poesiealben, Lyrik oder Lieblingstexten.<\/p>\n","protected":false},"excerpt":{"rendered":"<p>Poesie | Utopie | Realit\u00e4t VERNISSAGE 5. April 2025 | 16 Uhr FINISSAGE 4. Mai 2025 | 16 UhrIm Gespr\u00e4ch mit den K\u00fcnstlerInnen Im Januar 2024 begann eine Gruppe von acht K\u00fcnstlerInnen einen gemeinsamen Weg, um Kunst als kollektiven Prozess zu ergr\u00fcnden. In einem Jahr intensiver Zusammenarbeit und Spurensuche entstanden Arbeiten, die lyrisch und visuell &hellip; <\/p>\n<p class=\"link-more\"><a href=\"https:\/\/www.akm-koblenz.de\/index.php\/2025\/04\/02\/pur\/\" class=\"more-link\">Continue reading<span class=\"screen-reader-text\"> &#8220;PUR&#8221;<\/span><\/a><\/p>\n","protected":false},"author":1,"featured_media":0,"comment_status":"closed","ping_status":"open","sticky":false,"template":"","format":"standard","meta":{"footnotes":""},"categories":[11],"tags":[],"class_list":["post-1207","post","type-post","status-publish","format-standard","hentry","category-archiv"],"_links":{"self":[{"href":"https:\/\/www.akm-koblenz.de\/index.php\/wp-json\/wp\/v2\/posts\/1207","targetHints":{"allow":["GET"]}}],"collection":[{"href":"https:\/\/www.akm-koblenz.de\/index.php\/wp-json\/wp\/v2\/posts"}],"about":[{"href":"https:\/\/www.akm-koblenz.de\/index.php\/wp-json\/wp\/v2\/types\/post"}],"author":[{"embeddable":true,"href":"https:\/\/www.akm-koblenz.de\/index.php\/wp-json\/wp\/v2\/users\/1"}],"replies":[{"embeddable":true,"href":"https:\/\/www.akm-koblenz.de\/index.php\/wp-json\/wp\/v2\/comments?post=1207"}],"version-history":[{"count":2,"href":"https:\/\/www.akm-koblenz.de\/index.php\/wp-json\/wp\/v2\/posts\/1207\/revisions"}],"predecessor-version":[{"id":1257,"href":"https:\/\/www.akm-koblenz.de\/index.php\/wp-json\/wp\/v2\/posts\/1207\/revisions\/1257"}],"wp:attachment":[{"href":"https:\/\/www.akm-koblenz.de\/index.php\/wp-json\/wp\/v2\/media?parent=1207"}],"wp:term":[{"taxonomy":"category","embeddable":true,"href":"https:\/\/www.akm-koblenz.de\/index.php\/wp-json\/wp\/v2\/categories?post=1207"},{"taxonomy":"post_tag","embeddable":true,"href":"https:\/\/www.akm-koblenz.de\/index.php\/wp-json\/wp\/v2\/tags?post=1207"}],"curies":[{"name":"wp","href":"https:\/\/api.w.org\/{rel}","templated":true}]}}