{"id":103,"date":"2021-09-05T21:18:50","date_gmt":"2021-09-05T20:18:50","guid":{"rendered":"http:\/\/akm-test.bensalem.de\/?p=103"},"modified":"2022-03-21T13:02:45","modified_gmt":"2022-03-21T12:02:45","slug":"ausstellung-eck-04-26-september-2021","status":"publish","type":"post","link":"https:\/\/www.akm-koblenz.de\/index.php\/2021\/09\/05\/ausstellung-eck-04-26-september-2021\/","title":{"rendered":"AUSSTELLUNG ECK 04. \u2013 26. September 2021"},"content":{"rendered":"\n<div class=\"wp-block-image\"><figure class=\"alignleft size-medium is-resized\"><a href=\"\/index.php\/2021\/10\/06\/ausstellung-eck-04-26-september-2021-2\/\"><img decoding=\"async\" src=\"http:\/\/localhost\/wp-content\/uploads\/2021\/10\/AKM_eck-213x300.jpg\" alt=\"\" class=\"wp-image-139\" width=\"150\" srcset=\"https:\/\/www.akm-koblenz.de\/wp-content\/uploads\/2021\/10\/AKM_eck-213x300.jpg 213w, https:\/\/www.akm-koblenz.de\/wp-content\/uploads\/2021\/10\/AKM_eck-726x1024.jpg 726w, https:\/\/www.akm-koblenz.de\/wp-content\/uploads\/2021\/10\/AKM_eck-768x1084.jpg 768w, https:\/\/www.akm-koblenz.de\/wp-content\/uploads\/2021\/10\/AKM_eck-1088x1536.jpg 1088w, https:\/\/www.akm-koblenz.de\/wp-content\/uploads\/2021\/10\/AKM_eck.jpg 1451w\" sizes=\"(max-width: 213px) 100vw, 213px\" \/><\/a><\/figure><\/div>\n\n\n\n<p>12 K\u00fcnstlerinnen vernetzt \u00fcber das Projekt Kunst-Mentoring f\u00fcr Bildende K\u00fcnstlerinnen Rheinland-Pfalz und die Arbeitsgemeinschaft bildender K\u00fcnstler*innen am Mittelrhein e.V. treten am Deutschen Eck in den Dialog. Rhein und Mosel durchqueren Europa gen Norden, enden in mehreren M\u00fcndungsarmen. Fl\u00fcsse als Verbindung und Trennung zugleich. ECK mit Blick auf \u00d6ffnung und Interaktion mit der Welt. Das Eck als ein Winkel, der Seiten miteinander verbindet und gleichzeitig den Punkt meint, ist Zusammenfassung und  Ausgangspunkt f\u00fcr das gemeinsame Ausstellungsprojekt ECK. Durch die k\u00fcnstlerischen Prozesse arbeiten die K\u00fcnstlerinnen verschiedene Knotenpunkte innerhalb unserer aktuellen Wirklichkeit heraus, indem sie anecken oder auch ums Eck denken. Das Programm zur Museumsnacht am 4. September 2021 ab 19 Uhr wird flie\u00dfend gestaltet mit Performance und lyrischen Texten der K\u00fcnstlerinnen sowie dem Z\u00f6llner-Roche Duo.<\/p>\n\n\n\n<p><strong>Salon N\u00ba1 _ Klang<br><\/strong><br><strong>23. September 2021 _ 19 Uhr<\/strong><\/p>\n\n\n\n<p>Unsere Sinnesorgane sind die f\u00fcnf Fenster zur Welt. Um das Kunsterleben zu f\u00f6rdern, werden im neuen Format der Salons in der AKM k\u00fcnftig Veranstaltungen zum Thema der sinnlichen Wahrnehmung angeboten. In Form von Workshops, Vortr\u00e4gen und geselligen Zusammenk\u00fcnften wird Qualit\u00e4ten von Sinneswahrnehmung nachgesp\u00fcrt und damit das Repertoire erweitert, Bildende Kunst zu erleben. Bilder k\u00f6nnen einen Rhythmus haben, wir sprechen von Farbr\u00e4umen, Klangfarben, tanzenden Lichtern usw. So erscheint es sinnvoll,<br>Erfahrungen von Raum, Klang, Zeit auf das Erleben Bildender Kunst zu \u00fcbertragen.<br>T\u00f6ne und Kl\u00e4nge l\u00f6sen beim Menschen spontan Emotionen aus.<br>Der Salon N\u00ba1 _ Klang wird den Grenzbereich zwischen Rauschen (Ger\u00e4usch) und Musik ausloten. Zu Gast ist die Musikerin Natalia Grotenhuis. Moderiert wird die Veranstaltung von Ulrich Westerfr\u00f6lke.<\/p>\n","protected":false},"excerpt":{"rendered":"<p>12 K\u00fcnstlerinnen vernetzt \u00fcber das Projekt Kunst-Mentoring f\u00fcr Bildende K\u00fcnstlerinnen Rheinland-Pfalz und die Arbeitsgemeinschaft bildender K\u00fcnstler*innen am Mittelrhein e.V. treten am Deutschen Eck in den Dialog. Rhein und Mosel durchqueren Europa gen Norden, enden in mehreren M\u00fcndungsarmen. Fl\u00fcsse als Verbindung und Trennung zugleich. ECK mit Blick auf \u00d6ffnung und Interaktion mit der Welt. Das Eck &hellip; <\/p>\n<p class=\"link-more\"><a href=\"https:\/\/www.akm-koblenz.de\/index.php\/2021\/09\/05\/ausstellung-eck-04-26-september-2021\/\" class=\"more-link\">Continue reading<span class=\"screen-reader-text\"> &#8220;AUSSTELLUNG ECK 04. \u2013 26. September 2021&#8221;<\/span><\/a><\/p>\n","protected":false},"author":1,"featured_media":0,"comment_status":"closed","ping_status":"open","sticky":false,"template":"","format":"standard","meta":{"footnotes":""},"categories":[11],"tags":[],"class_list":["post-103","post","type-post","status-publish","format-standard","hentry","category-archiv"],"_links":{"self":[{"href":"https:\/\/www.akm-koblenz.de\/index.php\/wp-json\/wp\/v2\/posts\/103","targetHints":{"allow":["GET"]}}],"collection":[{"href":"https:\/\/www.akm-koblenz.de\/index.php\/wp-json\/wp\/v2\/posts"}],"about":[{"href":"https:\/\/www.akm-koblenz.de\/index.php\/wp-json\/wp\/v2\/types\/post"}],"author":[{"embeddable":true,"href":"https:\/\/www.akm-koblenz.de\/index.php\/wp-json\/wp\/v2\/users\/1"}],"replies":[{"embeddable":true,"href":"https:\/\/www.akm-koblenz.de\/index.php\/wp-json\/wp\/v2\/comments?post=103"}],"version-history":[{"count":6,"href":"https:\/\/www.akm-koblenz.de\/index.php\/wp-json\/wp\/v2\/posts\/103\/revisions"}],"predecessor-version":[{"id":155,"href":"https:\/\/www.akm-koblenz.de\/index.php\/wp-json\/wp\/v2\/posts\/103\/revisions\/155"}],"wp:attachment":[{"href":"https:\/\/www.akm-koblenz.de\/index.php\/wp-json\/wp\/v2\/media?parent=103"}],"wp:term":[{"taxonomy":"category","embeddable":true,"href":"https:\/\/www.akm-koblenz.de\/index.php\/wp-json\/wp\/v2\/categories?post=103"},{"taxonomy":"post_tag","embeddable":true,"href":"https:\/\/www.akm-koblenz.de\/index.php\/wp-json\/wp\/v2\/tags?post=103"}],"curies":[{"name":"wp","href":"https:\/\/api.w.org\/{rel}","templated":true}]}}